{"id":2554,"date":"2025-03-21T08:08:33","date_gmt":"2025-03-21T07:08:33","guid":{"rendered":"https:\/\/biproc.wordpress.com\/2025\/03\/21\/souverain-ismenete\/"},"modified":"2025-03-21T08:08:33","modified_gmt":"2025-03-21T07:08:33","slug":"souverain-ismenete","status":"publish","type":"post","link":"https:\/\/roidupetrole.com\/index.php\/2025\/03\/21\/souverain-ismenete\/","title":{"rendered":"Souverain isme|net\u00e9"},"content":{"rendered":"\n<p>La diff\u00e9rence entre isme et t\u00e9 est fondamentale, celle entre l&rsquo;ind\u00e9pendance et le renfermement, entre le c\u00e9libat et le couvent.<\/p>\n\n\n\n<figure class=\"wp-block-image size-large\"><img decoding=\"async\" src=\"https:\/\/biproc.wordpress.com\/wp-content\/uploads\/2025\/03\/screenshot_20250321-0812128098660397876580531.png?w=864\" alt=\"\" class=\"wp-image-2557\" \/><\/figure>\n\n\n\n<p>Le souverainisme rempla\u00e7ait le nationalisme, c&rsquo;\u00e9tait plus chic, et \u00e7a permettrait \u00e0 la gauche-gauche de mordre dans le domaine de la droite-droite. Mais voil\u00e0, le concept de souverainet\u00e9 s&rsquo;impose \u00e0 moi. Il est porteur des id\u00e9es de libert\u00e9, d&rsquo;ind\u00e9pendance, il n&rsquo;est pas excluant, et il est compatible avec l&rsquo;Europe, avec les associations de bonnes volont\u00e9s.<\/p>\n\n\n\n<p>Je ne parirai pas ma retraite sur la r\u00e9ussite de <a href=\"https:\/\/lasuite.numerique.gouv.fr\">https:\/\/lasuite.numerique.gouv.fr<\/a> , mais je trouve la d\u00e9marche honorable. Une suite d&rsquo;outils collaboratifs open source \u00e0 la destination des agents de l&rsquo;\u00e9tat, et des entreprises ,ind\u00e9pendante des \u00e9diteurs us, bonne chose.<\/p>\n\n\n\n<p>Faut voir <\/p>\n","protected":false},"excerpt":{"rendered":"<p>La diff\u00e9rence entre isme et t\u00e9 est fondamentale, celle entre l&rsquo;ind\u00e9pendance et le renfermement, entre le c\u00e9libat et le couvent. Le souverainisme rempla\u00e7ait le nationalisme, c&rsquo;\u00e9tait plus chic, et \u00e7a permettrait \u00e0 la gauche-gauche de mordre dans le domaine de la droite-droite. Mais voil\u00e0, le concept de souverainet\u00e9 s&rsquo;impose \u00e0 moi. Il est porteur des &hellip; <a href=\"https:\/\/roidupetrole.com\/index.php\/2025\/03\/21\/souverain-ismenete\/\" class=\"more-link\">Continuer la lecture<span class=\"screen-reader-text\"> de &laquo;&nbsp;Souverain isme|net\u00e9&nbsp;&raquo;<\/span><\/a><\/p>\n","protected":false},"author":1,"featured_media":0,"comment_status":"open","ping_status":"closed","sticky":false,"template":"","format":"image","meta":{"footnotes":""},"categories":[3],"tags":[],"class_list":["post-2554","post","type-post","status-publish","format-image","hentry","category-non-classe","post_format-post-format-image"],"_links":{"self":[{"href":"https:\/\/roidupetrole.com\/index.php\/wp-json\/wp\/v2\/posts\/2554","targetHints":{"allow":["GET"]}}],"collection":[{"href":"https:\/\/roidupetrole.com\/index.php\/wp-json\/wp\/v2\/posts"}],"about":[{"href":"https:\/\/roidupetrole.com\/index.php\/wp-json\/wp\/v2\/types\/post"}],"author":[{"embeddable":true,"href":"https:\/\/roidupetrole.com\/index.php\/wp-json\/wp\/v2\/users\/1"}],"replies":[{"embeddable":true,"href":"https:\/\/roidupetrole.com\/index.php\/wp-json\/wp\/v2\/comments?post=2554"}],"version-history":[{"count":0,"href":"https:\/\/roidupetrole.com\/index.php\/wp-json\/wp\/v2\/posts\/2554\/revisions"}],"wp:attachment":[{"href":"https:\/\/roidupetrole.com\/index.php\/wp-json\/wp\/v2\/media?parent=2554"}],"wp:term":[{"taxonomy":"category","embeddable":true,"href":"https:\/\/roidupetrole.com\/index.php\/wp-json\/wp\/v2\/categories?post=2554"},{"taxonomy":"post_tag","embeddable":true,"href":"https:\/\/roidupetrole.com\/index.php\/wp-json\/wp\/v2\/tags?post=2554"}],"curies":[{"name":"wp","href":"https:\/\/api.w.org\/{rel}","templated":true}]}}